{"id":438,"date":"2020-04-27T14:22:40","date_gmt":"2020-04-27T17:22:40","guid":{"rendered":"https:\/\/www.santaapolonia.com.br\/blog\/?p=438"},"modified":"2026-01-02T16:58:09","modified_gmt":"2026-01-02T19:58:09","slug":"6-habitos-para-manter-a-saude-durante-a-pandemia-da-covid-19","status":"publish","type":"post","link":"https:\/\/www.santaapolonia.com.br\/blog\/6-habitos-para-manter-a-saude-durante-a-pandemia-da-covid-19\/","title":{"rendered":"6 h\u00e1bitos para manter a sa\u00fade durante a pandemia da Covid-19"},"content":{"rendered":"<p><span style=\"font-weight: 400;\">O <\/span><b>novo coronav\u00edrus<\/b><span style=\"font-weight: 400;\"> transformou a nossa rotina e fez muitos brasileiros encararem uma realidade in\u00e9dita, com mudan\u00e7as de h\u00e1bitos, atitudes e comportamentos que afetam diretamente o controle da pandemia da Covid-19.<\/span><\/p>\n<p><span style=\"font-weight: 400;\">Desde o dia 30 de janeiro de 2020, a Organiza\u00e7\u00e3o Mundial da Sa\u00fade (OMS) declarou o surto da doen\u00e7a como uma <\/span><a href=\"https:\/\/www.paho.org\/bra\/index.php?option=com_content&amp;view=article&amp;id=6101:covid19&amp;Itemid=875\" target=\"_blank\" rel=\"noopener noreferrer\"><span style=\"font-weight: 400;\">Emerg\u00eancia de Sa\u00fade P\u00fablica de Import\u00e2ncia Internacional<\/span><\/a><span style=\"font-weight: 400;\"> &#8211; o mais alto n\u00edvel de alerta da Organiza\u00e7\u00e3o. Em 11 de mar\u00e7o, a Covid-19 foi considerado uma <\/span><b>pandemia<\/b><span style=\"font-weight: 400;\">.<\/span><\/p>\n<p><span style=\"font-weight: 400;\">Assim, mais do que as atitudes que evitam o cont\u00e1gio e a dissemina\u00e7\u00e3o do novo coronav\u00edrus, \u00e9 necess\u00e1rio adotar h\u00e1bitos para a preserva\u00e7\u00e3o da sa\u00fade f\u00edsica e mental. Afinal de contas, esse tipo de situa\u00e7\u00e3o pode gerar estresse, ansiedade e ter efeitos negativos em nosso corpo.<\/span><\/p>\n<p><span style=\"font-weight: 400;\">Al\u00e9m de um compromisso com a sua pr\u00f3pria sa\u00fade, a mudan\u00e7a de h\u00e1bitos tamb\u00e9m \u00e9 uma atitude cidad\u00e3, pois ajuda na conten\u00e7\u00e3o da doen\u00e7a e diminui o avan\u00e7o progressivo da doen\u00e7a. Sendo assim, seguem algumas recomenda\u00e7\u00f5es abaixo:<\/span><\/p>\n<h2><span style=\"font-weight: 400;\">1 &#8211; Mantenha o protocolo de higiene dentro de casa<\/span><\/h2>\n<p><span style=\"font-weight: 400;\">Os v\u00edrus respirat\u00f3rios, como \u00e9 o caso da Covid-19, se espalham principalmente pelo contato. Por esse motivo, \u00e9 importante manter uma higieniza\u00e7\u00e3o frequente das superf\u00edcies, objetos e outros itens que s\u00e3o tocados com frequ\u00eancia, como celulares, ma\u00e7anetas, corrim\u00e3o e brinquedos.<\/span><\/p>\n<p><span style=\"font-weight: 400;\">Tamb\u00e9m \u00e9 indispens\u00e1vel seguir os protocolos de higiene recomendados pela OMS e pelo Minist\u00e9rio da Sa\u00fade, incluindo <\/span><b>lavar as m\u00e3os com \u00e1gua e sab\u00e3o ou \u00e1lcool em gel<\/b><span style=\"font-weight: 400;\">, evitar tocar os olhos, nariz e boca, evitar compartilhar objetos de uso pessoal e <\/span><b>cobrir a boca e o nariz ao tossir ou espirrar<\/b><span style=\"font-weight: 400;\">.<\/span><\/p>\n<h2><span style=\"font-weight: 400;\">2 &#8211; Adote novas maneiras de cumprimentar<\/span><\/h2>\n<p><span style=\"font-weight: 400;\">O momento de pandemia pede a\u00e7\u00f5es de isolamento social. No entanto, vivemos em sociedade e, em algum momento, temos que sair para ir ao supermercado ou em uma farm\u00e1cia, por exemplo.<\/span><\/p>\n<p><span style=\"font-weight: 400;\">Quando isso ocorrer e voc\u00ea encontrar algum conhecido na rua, evite cumpriment\u00e1-lo com abra\u00e7os e beijos no rosto.<\/span><\/p>\n<p><span style=\"font-weight: 400;\">Sabemos que \u00e9 uma fase dif\u00edcil, ainda mais quando estamos longe de amigos, familiares e entes queridos. Mas, logo as coisas tendem a se normalizar.<\/span><\/p>\n<h2><span style=\"font-weight: 400;\">3 &#8211; Evite o excesso de informa\u00e7\u00f5es<\/span><\/h2>\n<p><span style=\"font-weight: 400;\">A todo momento surge um dado novo sobre o coronav\u00edrus, como n\u00famero de casos confirmados, reportagens em hospitais e, at\u00e9 mesmo, conte\u00fados falaciosos (as famosas \u201cfake news\u201d). Embora seja preciso estar bem informado, o fluxo constante de not\u00edcias pode contribuir para a preocupa\u00e7\u00e3o e o estresse.<\/span><\/p>\n<p><span style=\"font-weight: 400;\">Sendo assim, busque informa\u00e7\u00f5es em momentos espec\u00edficos do seu dia e de prefer\u00eancia em sites confi\u00e1veis. Foque em materiais que te ajudam a tomar decis\u00f5es pr\u00e1ticas no seu dia a dia.<\/span><\/p>\n<h2><span style=\"font-weight: 400;\">4 &#8211; Tenha uma boa alimenta\u00e7\u00e3o<\/span><\/h2>\n<p><span style=\"font-weight: 400;\">A alimenta\u00e7\u00e3o \u00e9 uma das principais aliadas da nossa sa\u00fade. Portanto, em tempos de pandemia, nada melhor do que um card\u00e1pio equilibrado e saud\u00e1vel para manter a imunidade e evitar o acometimento por doen\u00e7as.<\/span><\/p>\n<p><span style=\"font-weight: 400;\">As prote\u00ednas de leguminosas, como o feij\u00e3o, soja, ervilha e gr\u00e3o de bico, s\u00e3o \u00f3timas o fortalecimento do sistema imunol\u00f3gico, pois elas fornecem amino\u00e1cidos essenciais para o corpo humano. Al\u00e9m disso, \u00e9 necess\u00e1rio ingerir frutas e legumes para complementar uma boa alimenta\u00e7\u00e3o.<\/span><\/p>\n<h2><span style=\"font-weight: 400;\">5 &#8211; Cuide da sa\u00fade mental<\/span><\/h2>\n<p><span style=\"font-weight: 400;\">Vivemos um momento conturbado em todo o mundo. Por isso, \u00e9 normal que a gente se sinta desmotivado, ansioso, preocupado, com medo, entre muitos outros sentimentos confusos, que podem prejudicar a nossa sa\u00fade mental.<\/span><\/p>\n<p><span style=\"font-weight: 400;\">Por isso, \u00e9 importante nos atentarmos tamb\u00e9m ao nosso psicol\u00f3gico, para manter o nosso equil\u00edbrio emocional.<\/span><\/p>\n<p><span style=\"font-weight: 400;\">Uma das maneiras de fazer isso \u00e9 por meio da medita\u00e7\u00e3o. Existem v\u00e1rias formas de meditar, incluindo a medita\u00e7\u00e3o guiada para iniciantes, para quem quer dar uma chance a pr\u00e1tica.<\/span><\/p>\n<p><span style=\"font-weight: 400;\">No entanto, voc\u00ea deve buscar aquilo que gosta, te faz bem e pode te ajudar a passar por esse per\u00edodo.<\/span><\/p>\n<h2><span style=\"font-weight: 400;\">6 &#8211; Pratique exerc\u00edcios f\u00edsicos em casa<\/span><\/h2>\n<p><span style=\"font-weight: 400;\">J\u00e1 n\u00e3o \u00e9 mais segredo que os exerc\u00edcios f\u00edsicos s\u00e3o \u00f3timos para a nossa sa\u00fade. Em tempos de quarentena, voc\u00ea pode aproveitar o momento e procurar atividades alternativas para fazer em casa.<\/span><\/p>\n<p><span style=\"font-weight: 400;\">Apesar do exerc\u00edcio n\u00e3o ser a vacina para nenhuma doen\u00e7a, ele ajuda no fortalecimento do sistema imunol\u00f3gico, proporcionando uma resposta mais r\u00e1pida e eficaz contra qualquer infec\u00e7\u00e3o.<\/span><\/p>\n<p><span style=\"font-weight: 400;\">Al\u00e9m disso, ele \u00e9 um \u00f3timo aliado para quem deseja se distrair um pouco em casa.<\/span><\/p>\n<p><span style=\"font-weight: 400;\">Para quem quer se exercitar em casa, alguns acess\u00f3rios podem ajudar nessa pr\u00e1tica, como faixas el\u00e1sticas, bandagens, extensores e bolas de gin\u00e1sticas. Eles podem ser adquiridos <\/span><a href=\"https:\/\/www.santaapolonia.com.br\/fisioterapia-e-fitness\"><span style=\"font-weight: 400;\">online<\/span><\/a><span style=\"font-weight: 400;\">, diretamente pelo site da Santa Apol\u00f4nia.<\/span><\/p>\n<p><i><span style=\"font-weight: 400;\">As medidas para melhorar a sua imunidade e proteger sua sa\u00fade n\u00e3o substituem as recomenda\u00e7\u00f5es dos \u00f3rg\u00e3os oficiais e as orienta\u00e7\u00f5es m\u00e9dicas.\u00a0<\/span><\/i><\/p>\n<h2><span style=\"font-weight: 400;\">Conte com a Santa Apol\u00f4nia\u00a0<\/span><\/h2>\n<p><span style=\"font-weight: 400;\">Pensando nos cuidados e conforto de nossos clientes, estamos realizando atendimentos presenciais e online &#8211; dispon\u00edvel em nossa loja virtual, WhatsApp e telefone. As compras podem ser retiradas na loja mais perto de voc\u00ea ou solicitada a entrega.<\/span><\/p>\n<p><a href=\"https:\/\/www.santaapolonia.com.br\/blog\/comunicado-urgente-santa-apolonia\/\" target=\"_blank\" rel=\"noopener noreferrer\"><span style=\"font-weight: 400;\">Confira o WhatsApp e telefone de cada loja para fazer o seu pedido<\/span><\/a><span style=\"font-weight: 400;\">.<\/span><\/p>\n<p><span style=\"font-weight: 400;\">Al\u00e9m disso, enquanto durar o surto da covid-19, nossas lojas estar\u00e3o funcionando com adapta\u00e7\u00f5es. Confira as indica\u00e7\u00f5es:<\/span><\/p>\n<ul>\n<li style=\"font-weight: 400;\"><span style=\"font-weight: 400;\">uso obrigat\u00f3rio da m\u00e1scara de prote\u00e7\u00e3o facial nas lojas;<\/span><\/li>\n<li style=\"font-weight: 400;\"><span style=\"font-weight: 400;\">se precisar mexer na sua m\u00e1scara, limpe sua m\u00e3o imediatamente;\u2800<\/span><\/li>\n<li style=\"font-weight: 400;\"><span style=\"font-weight: 400;\">evite o contato pr\u00f3ximo com atendentes e outros clientes e<\/span><\/li>\n<li style=\"font-weight: 400;\"><span style=\"font-weight: 400;\">conte com nossa equipe para higieniza\u00e7\u00e3o com \u00e1lcool em gel.\u2800<\/span><\/li>\n<\/ul>\n<p><span style=\"font-weight: 400;\">Nossa equipe est\u00e1 toda organizada para oferecer o mesmo atendimento acolhedor de sempre. Para saber mais sobre as a\u00e7\u00f5es para cuidar da sa\u00fade de nossos clientes, siga-nos no <\/span><a href=\"https:\/\/www.facebook.com\/santaapoloniahosp\/\" target=\"_blank\" rel=\"noopener noreferrer\"><span style=\"font-weight: 400;\">Facebook<\/span><\/a><span style=\"font-weight: 400;\"> e <\/span><a href=\"https:\/\/www.instagram.com\/santaapoloniahosp\/\" target=\"_blank\" rel=\"noopener noreferrer\"><span style=\"font-weight: 400;\">Instagram<\/span><\/a><span style=\"font-weight: 400;\">.\u00a0<\/span><\/p>\n","protected":false},"excerpt":{"rendered":"<p>O novo coronav\u00edrus transformou a nossa rotina e fez muitos brasileiros encararem uma realidade in\u00e9dita, com mudan\u00e7as de h\u00e1bitos, atitudes e comportamentos que afetam diretamente o controle da pandemia da Covid-19. Desde o dia 30 de janeiro de 2020, a Organiza\u00e7\u00e3o Mundial da Sa\u00fade (OMS) declarou o surto da doen\u00e7a como uma Emerg\u00eancia de Sa\u00fade [&hellip;]<\/p>\n","protected":false},"author":1,"featured_media":439,"comment_status":"closed","ping_status":"open","sticky":false,"template":"","format":"standard","meta":{"saved_in_kubio":false,"site-sidebar-layout":"default","site-content-layout":"","ast-site-content-layout":"default","site-content-style":"default","site-sidebar-style":"default","ast-global-header-display":"","ast-banner-title-visibility":"","ast-main-header-display":"","ast-hfb-above-header-display":"","ast-hfb-below-header-display":"","ast-hfb-mobile-header-display":"","site-post-title":"","ast-breadcrumbs-content":"","ast-featured-img":"","footer-sml-layout":"","ast-disable-related-posts":"","theme-transparent-header-meta":"","adv-header-id-meta":"","stick-header-meta":"","header-above-stick-meta":"","header-main-stick-meta":"","header-below-stick-meta":"","astra-migrate-meta-layouts":"default","ast-page-background-enabled":"default","ast-page-background-meta":{"desktop":{"background-color":"var(--ast-global-color-4)","background-image":"","background-repeat":"repeat","background-position":"center center","background-size":"auto","background-attachment":"scroll","background-type":"","background-media":"","overlay-type":"","overlay-color":"","overlay-opacity":"","overlay-gradient":""},"tablet":{"background-color":"","background-image":"","background-repeat":"repeat","background-position":"center center","background-size":"auto","background-attachment":"scroll","background-type":"","background-media":"","overlay-type":"","overlay-color":"","overlay-opacity":"","overlay-gradient":""},"mobile":{"background-color":"","background-image":"","background-repeat":"repeat","background-position":"center center","background-size":"auto","background-attachment":"scroll","background-type":"","background-media":"","overlay-type":"","overlay-color":"","overlay-opacity":"","overlay-gradient":""}},"ast-content-background-meta":{"desktop":{"background-color":"var(--ast-global-color-5)","background-image":"","background-repeat":"repeat","background-position":"center center","background-size":"auto","background-attachment":"scroll","background-type":"","background-media":"","overlay-type":"","overlay-color":"","overlay-opacity":"","overlay-gradient":""},"tablet":{"background-color":"var(--ast-global-color-5)","background-image":"","background-repeat":"repeat","background-position":"center center","background-size":"auto","background-attachment":"scroll","background-type":"","background-media":"","overlay-type":"","overlay-color":"","overlay-opacity":"","overlay-gradient":""},"mobile":{"background-color":"var(--ast-global-color-5)","background-image":"","background-repeat":"repeat","background-position":"center center","background-size":"auto","background-attachment":"scroll","background-type":"","background-media":"","overlay-type":"","overlay-color":"","overlay-opacity":"","overlay-gradient":""}},"footnotes":""},"categories":[39],"tags":[124,134,135,136,137],"class_list":["post-438","post","type-post","status-publish","format-standard","has-post-thumbnail","hentry","category-saude-e-bem-estar","tag-coronavirus","tag-covid-19","tag-pandemia","tag-saude-fisica","tag-saude-mental"],"_links":{"self":[{"href":"https:\/\/www.santaapolonia.com.br\/blog\/wp-json\/wp\/v2\/posts\/438","targetHints":{"allow":["GET"]}}],"collection":[{"href":"https:\/\/www.santaapolonia.com.br\/blog\/wp-json\/wp\/v2\/posts"}],"about":[{"href":"https:\/\/www.santaapolonia.com.br\/blog\/wp-json\/wp\/v2\/types\/post"}],"author":[{"embeddable":true,"href":"https:\/\/www.santaapolonia.com.br\/blog\/wp-json\/wp\/v2\/users\/1"}],"replies":[{"embeddable":true,"href":"https:\/\/www.santaapolonia.com.br\/blog\/wp-json\/wp\/v2\/comments?post=438"}],"version-history":[{"count":1,"href":"https:\/\/www.santaapolonia.com.br\/blog\/wp-json\/wp\/v2\/posts\/438\/revisions"}],"predecessor-version":[{"id":440,"href":"https:\/\/www.santaapolonia.com.br\/blog\/wp-json\/wp\/v2\/posts\/438\/revisions\/440"}],"wp:featuredmedia":[{"embeddable":true,"href":"https:\/\/www.santaapolonia.com.br\/blog\/wp-json\/wp\/v2\/media\/439"}],"wp:attachment":[{"href":"https:\/\/www.santaapolonia.com.br\/blog\/wp-json\/wp\/v2\/media?parent=438"}],"wp:term":[{"taxonomy":"category","embeddable":true,"href":"https:\/\/www.santaapolonia.com.br\/blog\/wp-json\/wp\/v2\/categories?post=438"},{"taxonomy":"post_tag","embeddable":true,"href":"https:\/\/www.santaapolonia.com.br\/blog\/wp-json\/wp\/v2\/tags?post=438"}],"curies":[{"name":"wp","href":"https:\/\/api.w.org\/{rel}","templated":true}]}}